{"id":923,"date":"2025-10-10T15:50:51","date_gmt":"2025-10-10T15:50:51","guid":{"rendered":"https:\/\/pazardergisi.com\/?p=923"},"modified":"2025-10-10T15:53:16","modified_gmt":"2025-10-10T15:53:16","slug":"feryal-kalkavan-akademiden-is-dunyasina-uzanan-guclu-bir-kariyer","status":"publish","type":"post","link":"https:\/\/pazardergisi.com\/index.php\/2025\/10\/10\/feryal-kalkavan-akademiden-is-dunyasina-uzanan-guclu-bir-kariyer\/","title":{"rendered":"Feryal Kalkavan: Akademiden \u0130\u015f D\u00fcnyas\u0131na Uzanan G\u00fc\u00e7l\u00fc Bir Kariyer"},"content":{"rendered":"\n<p>E\u011fitim hayat\u0131na Washington DC\u2019deki The American University\u2019de ba\u015flayan Feryal Kalkavan, 1998 y\u0131l\u0131nda Siyasal Bilgiler b\u00f6l\u00fcm\u00fcnden mezun oldu. Ard\u0131ndan \u0130stanbul \u00dcniversitesi Siyasal Bilgiler Fak\u00fcltesi\u2019nde y\u00fcksek lisans ve doktora \u00e7al\u0131\u015fmalar\u0131n\u0131 tamamlad\u0131. \u201cDinler ve \u015eiddet \u0130li\u015fkisi\u201d ba\u015fl\u0131kl\u0131 y\u00fcksek lisans tezi ve \u201cGe\u00e7mi\u015ften G\u00fcn\u00fcm\u00fcze Hakl\u0131 Sava\u015f Kavram\u0131n\u0131n Yorumu\u201d adl\u0131 doktora teziyle siyaset bilimi literat\u00fcr\u00fcne \u00f6nemli katk\u0131lar sundu.<\/p>\n\n\n\n<p>Akademik birikimini geni\u015f kitlelerle bulu\u015fturan Kalkavan, bug\u00fcne kadar \u00e7e\u015fitli kitap, makale ve belgesel \u00e7al\u0131\u015fmas\u0131na imza att\u0131. Hakl\u0131 Sava\u015f (2020) kitab\u0131n\u0131n yazar\u0131 olan Kalkavan, Caner Taslaman ile birlikte kaleme ald\u0131\u011f\u0131 \u0130slam ve Kad\u0131n (2019) ve Dini Cevaplar 3: \u0130slam\u2019da Kad\u0131n (2024) adl\u0131 eserleriyle \u0130slam d\u00fc\u015f\u00fcncesinde kad\u0131n temsiline dair tart\u0131\u015fmalara yeni bir bak\u0131\u015f kazand\u0131rd\u0131. Ayr\u0131ca \u0130slam ve Kad\u0131n belgeselinin yap\u0131mc\u0131l\u0131\u011f\u0131n\u0131 \u00fcstlenerek akademik bilgisini g\u00f6rsel bir \u00e7al\u0131\u015fmaya d\u00f6n\u00fc\u015ft\u00fcrd\u00fc.<\/p>\n\n\n\n<p>\u0130\u015f d\u00fcnyas\u0131nda da etkin bir rol \u00fcstlenen Kalkavan, 1995 y\u0131l\u0131ndan bu yana H\u00fcseyin Kalkavan \u0130n\u015faat Sanayi ve Ticaret A.\u015e.\u2019nin Y\u00f6netim Kurulu Ba\u015fkan\u0131 olarak g\u00f6rev yap\u0131yor. Ayn\u0131 zamanda CM Denizcilik Sanayi ve Ticaret A.\u015e. ve H. Kalkavan Denizcilik Gemicilik Sanayi ve Ticaret A.\u015e.\u2019de Y\u00f6netim Kurulu Ba\u015fkan Yard\u0131mc\u0131s\u0131 olarak g\u00f6revlerini s\u00fcrd\u00fcr\u00fcyor.<\/p>\n\n\n\n<p>Kalkavan, yaln\u0131zca i\u015f d\u00fcnyas\u0131nda de\u011fil, sosyal sorumluluk projelerinde de \u00f6nc\u00fc bir isim. Ay Vakf\u0131 Y\u00f6netim Kurulu Ba\u015fkan\u0131 olarak e\u011fitimden \u00e7ocuk refah\u0131na kadar bir\u00e7ok alanda projelere destek veriyor. Bunun yan\u0131nda Kas\u0131mpa\u015fa Oya Kayac\u0131k \u00c7ocuk Evleri Sitesi Koruma Derne\u011fi y\u00f6netiminde de aktif olarak yer al\u0131yor.<\/p>\n\n\n\n<p>Akademi, i\u015f d\u00fcnyas\u0131 ve sosyal yard\u0131m alanlar\u0131n\u0131 bir araya getiren vizyoner yakla\u015f\u0131m\u0131yla dikkat \u00e7eken Feryal Kalkavan, \u00e7ok y\u00f6nl\u00fc \u00e7al\u0131\u015fmalar\u0131yla gen\u00e7 kad\u0131nlara da ilham veriyor. \u00dc\u00e7 \u00e7ocuk annesi olan Kalkavan, \u0130stanbul\u2019da ya\u015fam\u0131n\u0131 s\u00fcrd\u00fcr\u00fcyor.<\/p>\n\n\n\n<p><\/p>\n","protected":false},"excerpt":{"rendered":"<p>E\u011fitim hayat\u0131na Washington DC\u2019deki The American University\u2019de ba\u015flayan Feryal Kalkavan, 1998 y\u0131l\u0131nda Siyasal Bilgiler b\u00f6l\u00fcm\u00fcnden mezun oldu. Ard\u0131ndan \u0130stanbul \u00dcniversitesi Siyasal Bilgiler Fak\u00fcltesi\u2019nde y\u00fcksek lisans ve doktora \u00e7al\u0131\u015fmalar\u0131n\u0131 tamamlad\u0131. \u201cDinler ve \u015eiddet \u0130li\u015fkisi\u201d ba\u015fl\u0131kl\u0131 y\u00fcksek lisans tezi ve \u201cGe\u00e7mi\u015ften G\u00fcn\u00fcm\u00fcze Hakl\u0131 Sava\u015f Kavram\u0131n\u0131n Yorumu\u201d adl\u0131 doktora teziyle siyaset bilimi literat\u00fcr\u00fcne \u00f6nemli katk\u0131lar sundu. Akademik birikimini [&hellip;]<\/p>\n","protected":false},"author":1,"featured_media":926,"comment_status":"open","ping_status":"open","sticky":false,"template":"","format":"standard","meta":{"footnotes":""},"categories":[120],"tags":[],"class_list":["post-923","post","type-post","status-publish","format-standard","has-post-thumbnail","hentry","category-kultur-sanat"],"_links":{"self":[{"href":"https:\/\/pazardergisi.com\/index.php\/wp-json\/wp\/v2\/posts\/923","targetHints":{"allow":["GET"]}}],"collection":[{"href":"https:\/\/pazardergisi.com\/index.php\/wp-json\/wp\/v2\/posts"}],"about":[{"href":"https:\/\/pazardergisi.com\/index.php\/wp-json\/wp\/v2\/types\/post"}],"author":[{"embeddable":true,"href":"https:\/\/pazardergisi.com\/index.php\/wp-json\/wp\/v2\/users\/1"}],"replies":[{"embeddable":true,"href":"https:\/\/pazardergisi.com\/index.php\/wp-json\/wp\/v2\/comments?post=923"}],"version-history":[{"count":2,"href":"https:\/\/pazardergisi.com\/index.php\/wp-json\/wp\/v2\/posts\/923\/revisions"}],"predecessor-version":[{"id":927,"href":"https:\/\/pazardergisi.com\/index.php\/wp-json\/wp\/v2\/posts\/923\/revisions\/927"}],"wp:featuredmedia":[{"embeddable":true,"href":"https:\/\/pazardergisi.com\/index.php\/wp-json\/wp\/v2\/media\/926"}],"wp:attachment":[{"href":"https:\/\/pazardergisi.com\/index.php\/wp-json\/wp\/v2\/media?parent=923"}],"wp:term":[{"taxonomy":"category","embeddable":true,"href":"https:\/\/pazardergisi.com\/index.php\/wp-json\/wp\/v2\/categories?post=923"},{"taxonomy":"post_tag","embeddable":true,"href":"https:\/\/pazardergisi.com\/index.php\/wp-json\/wp\/v2\/tags?post=923"}],"curies":[{"name":"wp","href":"https:\/\/api.w.org\/{rel}","templated":true}]}}